{"id":11653,"date":"2016-04-07T09:12:36","date_gmt":"2016-04-07T12:12:36","guid":{"rendered":"http:\/\/diversosafins.com.br\/diversos\/?p=11653"},"modified":"2019-03-28T16:47:44","modified_gmt":"2019-03-28T19:47:44","slug":"janela-poetica-i-44","status":"publish","type":"post","link":"https:\/\/diversosafins.com.br\/diversos\/janela-poetica-i-44\/","title":{"rendered":"Janela Po\u00e9tica I"},"content":{"rendered":"<p><em>Jos\u00e9 Carlos Brand\u00e3o<\/em><\/p>\n<p><strong>\u00a0<\/strong><\/p>\n<figure id=\"attachment_11655\" aria-describedby=\"caption-attachment-11655\" style=\"width: 500px\" class=\"wp-caption aligncenter\"><a href=\"https:\/\/diversosafins.com.br\/diversos\/wp-content\/uploads\/2016\/04\/interna-1.jpg\" rel=\"attachment wp-att-11655\"><img loading=\"lazy\" decoding=\"async\" class=\"wp-image-11655 size-full\" src=\"https:\/\/diversosafins.com.br\/diversos\/wp-content\/uploads\/2016\/04\/interna-1.jpg\" alt=\"Helena Barbagelata\" width=\"500\" height=\"301\" srcset=\"https:\/\/diversosafins.com.br\/diversos\/wp-content\/uploads\/2016\/04\/interna-1.jpg 500w, https:\/\/diversosafins.com.br\/diversos\/wp-content\/uploads\/2016\/04\/interna-1-300x181.jpg 300w\" sizes=\"auto, (max-width: 500px) 100vw, 500px\" \/><\/a><figcaption id=\"caption-attachment-11655\" class=\"wp-caption-text\">Arte: Helena Barbagelata<\/figcaption><\/figure>\n<p>&nbsp;<\/p>\n<p><strong>A ARANHA<\/strong><\/p>\n<p>&nbsp;<\/p>\n<p>A aranha fia o fio da minha vida<br \/>\ncom paci\u00eancia e lux\u00faria, com seu pr\u00f3prio<br \/>\nfio fin\u00edssimo e puro, atr\u00e1s de mim,<br \/>\nn\u00e3o \u00e0 frente, por onde vou. A origem<\/p>\n<p>\u00e9 o meu fim. Na minha pr\u00f3pria teia<br \/>\neu me enleio: de ang\u00fastia e de beleza<br \/>\n\u00e9 tecido o meu leito, leve, no ar<br \/>\nsuspenso, no equil\u00edbrio em que se libra,<\/p>\n<p>caminho fr\u00e1gil para si voltado.<br \/>\nA luz do alto ilumina o precip\u00edcio<br \/>\ne se me perco em sombras e del\u00edrios,<br \/>\nmais me encontro na senda do real.<\/p>\n<p>O claro-escuro se articula, e l\u00facido<br \/>\nsigo, sem extravio. O mito l\u00edrico<br \/>\nrevela e esconde o ser que j\u00e1 n\u00e3o sou.<br \/>\nNa minha teia um cego v\u00ea o abismo.<\/p>\n<p>&nbsp;<\/p>\n<p>&nbsp;<\/p>\n<p>&nbsp;<\/p>\n<p><strong>***<\/strong><\/p>\n<p>&nbsp;<\/p>\n<p>&nbsp;<\/p>\n<p>&nbsp;<\/p>\n<p>&nbsp;<\/p>\n<p><strong>A CABRA<\/strong><\/p>\n<p>&nbsp;<\/p>\n<p>A cabra pasta a estrela na montanha.<br \/>\nBem mais nova que o lago e que o pinheiro<br \/>\nna encosta, o seu balido como um guincho<br \/>\n\u00e9 um grito perplexo contra o abismo.<\/p>\n<p>A cabra \u00e9 negra como o carv\u00e3o negro<br \/>\ndas entranhas da terra, funda, seca.<br \/>\nCega, a cabra resiste digerindo<br \/>\nas pedras do caminho. A cascavel<\/p>\n<p>\u00e9 um alarme contra o espa\u00e7o ex\u00edguo<br \/>\nno infinito da tarde. Uma \u00e1guia v\u00ea,<br \/>\nde cima, a solid\u00e3o da cabra, a l\u00e2mina<br \/>\nda dor nos cascos, com a luz, que quebra,<\/p>\n<p>de chofre, a \u00e1rida terra, de metal,<br \/>\ncom sua p\u00e9tala esculpida em p\u00e2nico.<br \/>\nA cabra fende em duas a montanha,<br \/>\nalta e l\u00edvida, sob o sol do eterno.<\/p>\n<p>&nbsp;<\/p>\n<p>&nbsp;<\/p>\n<p>&nbsp;<\/p>\n<p><strong>***<\/strong><\/p>\n<p>&nbsp;<\/p>\n<p>&nbsp;<\/p>\n<p>&nbsp;<\/p>\n<p><strong>O LE\u00c3O<\/strong><\/p>\n<p>&nbsp;<\/p>\n<p>O le\u00e3o ergue as garras contra as grades<br \/>\ne ruge e urra, com a garganta seca<br \/>\nda espera in\u00fatil. De onde vim, para onde<br \/>\nvou? Mais nenhum destino, mais nenhuma<\/p>\n<p>porta. Sem perspectivas, eu caminho.<br \/>\nO meu reino se estende ao horizonte,<br \/>\nonde a terra se encontra com o c\u00e9u.<br \/>\nVou quebrar os limites com o meu grito,<\/p>\n<p>vou quebrar os rochedos com o sangue<br \/>\ndo meu rugido. Vou romper a prata<br \/>\ndo infinito com as chamas dos meus olhos.<br \/>\nQuem sou o c\u00e9u traiu o sonho v\u00e3o.<\/p>\n<p>Sou um cego na areia do destino.<br \/>\nO mist\u00e9rio repousa em minhas fauces.<br \/>\nNo enigma do deserto e das estrelas,<br \/>\ncavalgo imp\u00e1vido com Deus no lombo.<\/p>\n<p>&nbsp;<\/p>\n<p>&nbsp;<\/p>\n<p>&nbsp;<\/p>\n<p><strong>***<\/strong><\/p>\n<p>&nbsp;<\/p>\n<p>&nbsp;<\/p>\n<p>&nbsp;<\/p>\n<p><strong>O ELEFANTE<\/strong><\/p>\n<p>&nbsp;<\/p>\n<p>\u00c9 preciso matar o elefante.<br \/>\nA f\u00e1bula da vida \u00e9 muito breve,<br \/>\na viagem \u00e9 longa, e pesa tanto.<br \/>\nGiram os girass\u00f3is entre as montanhas<\/p>\n<p>e gira um sol s\u00f3, no alto, atormentado.<br \/>\nAs madressilvas sangram com a dor<br \/>\ndo mundo. E o elefante, as patas no ar,<br \/>\nergue a tromba ao azul como um anzol<\/p>\n<p>de ang\u00fastia. Chora sob um mar de lavas<br \/>\naos borbot\u00f5es caindo sobre o mundo.<br \/>\nS\u00e3o muitos os trabalhos da exist\u00eancia,<br \/>\nmuitos e in\u00fateis. Para que sofrer?<\/p>\n<p>Por que viver? Por que mist\u00e9rio ansiar?<br \/>\nDesci os sete c\u00edrculos do inferno,<br \/>\ndevagar, carregando a minha sombra,<br \/>\ne entoando a minha s\u00faplica: me matem!<\/p>\n<p>&nbsp;<\/p>\n<p>&nbsp;<\/p>\n<p>&nbsp;<\/p>\n<p><strong>***<\/strong><\/p>\n<p>&nbsp;<\/p>\n<p>&nbsp;<\/p>\n<p>&nbsp;<\/p>\n<p><strong>O CAMELO<\/strong><\/p>\n<p>&nbsp;<\/p>\n<p>Atravesso o deserto com a areia<br \/>\nnos olhos. \u00c9 meu lar a noite fria,<br \/>\ncom suas sombras e com suas trevas.<br \/>\nVejo quem sou no espelho do deserto.<\/p>\n<p>A mim pr\u00f3prio carrego nas corcovas.<br \/>\nQue viagem viajo? Que universo<br \/>\npercorro? O meu tamanho no tamanho<br \/>\ndo espa\u00e7o que demarco. Na mem\u00f3ria<\/p>\n<p>do que sou, as estrelas e o retorno<br \/>\ndo escorpi\u00e3o. Eu sou escuro e concha.<br \/>\nSe a mordida me fere o calcanhar,<br \/>\nindigita-me o rumo, concludente.<\/p>\n<p>Estou aberto para a tenta\u00e7\u00e3o:<br \/>\no del\u00edrio me cega e me ilumina.<br \/>\nO deserto convoca as demais formas<br \/>\ne eu escrevo na areia o poema-cinza.<\/p>\n<p>&nbsp;<\/p>\n<p>&nbsp;<\/p>\n<p>&nbsp;<\/p>\n<p><strong>***<\/strong><\/p>\n<p>&nbsp;<\/p>\n<p>&nbsp;<\/p>\n<p>&nbsp;<\/p>\n<p><strong>O TOURO<\/strong><\/p>\n<p>&nbsp;<\/p>\n<p>O touro \u00e9 uma rocha na lua. As janelas floridas<br \/>\ngemem na escurid\u00e3o, os p\u00e1ssaros da noite<br \/>\nfarejam a dor queimando as asas doloridas.<br \/>\nQuem conhece, da dor, a face e a foice?<\/p>\n<p>Os c\u00e3es latem atr\u00e1s das pedras em flor.<br \/>\nO louco na estrada sufoca e grita contra a treva.<br \/>\n\u00c9 estar longe, mutilado nos mares da dor.<br \/>\nA febre do p\u00e2ntano estrangula as meninas de n\u00e9voa.<\/p>\n<p>A agulha do suic\u00eddio d\u00f3i no ventre do mundo.<br \/>\nA dor \u00e9 um touro no tr\u00e2nsito, em sil\u00eancio profundo.<br \/>\nO touro marcha devagar, construindo o seu caminho<br \/>\ncom as patas sangrando, cravejadas de espinhos.<\/p>\n<p>A nuvem oxida a rosa na escada, piche e cimento<br \/>\nnos olhos profanados, antes da lava dos vulc\u00f5es.<br \/>\nAinda se ouvem os cavalos, e o touro nos grilh\u00f5es.<br \/>\nEu amamento a dor nos cascos do esquecimento.<\/p>\n<p>&nbsp;<\/p>\n<blockquote>\n<p style=\"text-align: justify;\"><strong><em>Jos\u00e9 Carlos Mendes Brand\u00e3o<\/em><\/strong><em> nasceu em Dois C\u00f3rregos, SP. Vive em Bauru. Publicou sete livros de poesia e um de cr\u00f4nicas. Ganhou v\u00e1rios pr\u00eamios liter\u00e1rios, como o da Bienal Nestl\u00e9 e o Cidade de BH.<\/em><\/p>\n<p style=\"text-align: justify;\">\n<\/blockquote>\n<p>&nbsp;<\/p>\n","protected":false},"excerpt":{"rendered":"<p>Do \u201cLivro dos bichos\u201d, a exist\u00eancia po\u00e9tica de Jos\u00e9 Carlos Brand\u00e3o <\/p>\n","protected":false},"author":2,"featured_media":11721,"comment_status":"open","ping_status":"open","sticky":false,"template":"","format":"standard","meta":{"footnotes":""},"categories":[2972,16,9],"tags":[2978,2979,2980,1498,107,2976,2982,2983,2977,159,2981],"class_list":["post-11653","post","type-post","status-publish","format-standard","has-post-thumbnail","hentry","category-109a-leva","category-destaques","category-janelas-poeticas","tag-aranha","tag-cabra","tag-camelo","tag-elefante","tag-janela-poetica","tag-jose-carlos-brandao","tag-leao","tag-livro-dos-bichos","tag-os-bichos","tag-poemas","tag-touro"],"_links":{"self":[{"href":"https:\/\/diversosafins.com.br\/diversos\/wp-json\/wp\/v2\/posts\/11653","targetHints":{"allow":["GET"]}}],"collection":[{"href":"https:\/\/diversosafins.com.br\/diversos\/wp-json\/wp\/v2\/posts"}],"about":[{"href":"https:\/\/diversosafins.com.br\/diversos\/wp-json\/wp\/v2\/types\/post"}],"author":[{"embeddable":true,"href":"https:\/\/diversosafins.com.br\/diversos\/wp-json\/wp\/v2\/users\/2"}],"replies":[{"embeddable":true,"href":"https:\/\/diversosafins.com.br\/diversos\/wp-json\/wp\/v2\/comments?post=11653"}],"version-history":[{"count":1,"href":"https:\/\/diversosafins.com.br\/diversos\/wp-json\/wp\/v2\/posts\/11653\/revisions"}],"predecessor-version":[{"id":11656,"href":"https:\/\/diversosafins.com.br\/diversos\/wp-json\/wp\/v2\/posts\/11653\/revisions\/11656"}],"wp:featuredmedia":[{"embeddable":true,"href":"https:\/\/diversosafins.com.br\/diversos\/wp-json\/wp\/v2\/media\/11721"}],"wp:attachment":[{"href":"https:\/\/diversosafins.com.br\/diversos\/wp-json\/wp\/v2\/media?parent=11653"}],"wp:term":[{"taxonomy":"category","embeddable":true,"href":"https:\/\/diversosafins.com.br\/diversos\/wp-json\/wp\/v2\/categories?post=11653"},{"taxonomy":"post_tag","embeddable":true,"href":"https:\/\/diversosafins.com.br\/diversos\/wp-json\/wp\/v2\/tags?post=11653"}],"curies":[{"name":"wp","href":"https:\/\/api.w.org\/{rel}","templated":true}]}}