{"id":13682,"date":"2017-05-16T11:52:30","date_gmt":"2017-05-16T14:52:30","guid":{"rendered":"http:\/\/diversosafins.com.br\/diversos\/?p=13682"},"modified":"2017-05-16T22:37:56","modified_gmt":"2017-05-17T01:37:56","slug":"janela-poetica-iii-52","status":"publish","type":"post","link":"https:\/\/diversosafins.com.br\/diversos\/janela-poetica-iii-52\/","title":{"rendered":"Janela Po\u00e9tica III"},"content":{"rendered":"<p><em>Sel<\/em><\/p>\n<p>&nbsp;<\/p>\n<figure id=\"attachment_13684\" aria-describedby=\"caption-attachment-13684\" style=\"width: 332px\" class=\"wp-caption aligncenter\"><a href=\"https:\/\/diversosafins.com.br\/diversos\/wp-content\/uploads\/2017\/05\/gueixas_de_outono_krisfoltran_bl.jpg\"><img loading=\"lazy\" decoding=\"async\" class=\"wp-image-13684 size-full\" src=\"https:\/\/diversosafins.com.br\/diversos\/wp-content\/uploads\/2017\/05\/gueixas_de_outono_krisfoltran_bl.jpg\" alt=\"\" width=\"332\" height=\"500\" srcset=\"https:\/\/diversosafins.com.br\/diversos\/wp-content\/uploads\/2017\/05\/gueixas_de_outono_krisfoltran_bl.jpg 332w, https:\/\/diversosafins.com.br\/diversos\/wp-content\/uploads\/2017\/05\/gueixas_de_outono_krisfoltran_bl-199x300.jpg 199w\" sizes=\"auto, (max-width: 332px) 100vw, 332px\" \/><\/a><figcaption id=\"caption-attachment-13684\" class=\"wp-caption-text\">Foto: Kristiane Foltran<\/figcaption><\/figure>\n<p>&nbsp;<\/p>\n<p>&nbsp;<\/p>\n<p>h\u00e1 tempos<br \/>\nteu nome n\u00e3o<br \/>\nsoa em mim<br \/>\nressumbrando<br \/>\ndores, reabrindo<br \/>\nferidas; o dorso<br \/>\ndistante n\u00e3o<br \/>\nabriga mais o<br \/>\ndel\u00edrio<br \/>\ndas m\u00e3os que<br \/>\nhoje<br \/>\napenas<br \/>\nse esquecem no ar<br \/>\nonde tudo me<br \/>\nescapa de ti e<br \/>\no amor n\u00e3o<br \/>\nforja a l\u00e2mina<\/p>\n<p>&nbsp;<\/p>\n<p>&nbsp;<\/p>\n<p>&nbsp;<br \/>\n***<\/p>\n<p>&nbsp;<\/p>\n<p>&nbsp;<\/p>\n<p>&nbsp;<br \/>\n<strong>Sil\u00eancio<\/strong><\/p>\n<p>&nbsp;<br \/>\nPercorri corredores<br \/>\nobservando tumbas<br \/>\ncom ossos cariados<br \/>\nvislumbrei s\u00faplicas<br \/>\nem faces que n\u00e3o se<br \/>\nmoviam; carreguei<br \/>\nos mortos e o aroma<br \/>\np\u00fatrido lambia minha<br \/>\ncalma. Limpei os seus<br \/>\ndejetos e os dos que<br \/>\nainda agonizavam<br \/>\nesperando a sua vez&#8230;<\/p>\n<p>&nbsp;<\/p>\n<p>&nbsp;<\/p>\n<p>&nbsp;<br \/>\n***<\/p>\n<p>&nbsp;<\/p>\n<p>&nbsp;<\/p>\n<p>&nbsp;<br \/>\n<strong>lou.cu.ra<\/strong><em><strong>.<\/strong> s. f<\/em>.<strong> 1.<\/strong> ferrete, \u00f3leo<br \/>\npedra. <strong>2.<\/strong> ave-langue-sorriso.<strong> 3.<\/strong> a<br \/>\ngengiva dura. <strong>4.<\/strong> fulgor que apenas<br \/>\nconserva o h\u00e1lito aquecido das ora\u00e7\u00f5es<br \/>\n<strong>5.<\/strong> tua voz calma dilu\u00edda sobre um<br \/>\ntempo queimante<\/p>\n<p>&nbsp;<\/p>\n<p>&nbsp;<\/p>\n<p>&nbsp;<br \/>\n***<\/p>\n<p>&nbsp;<\/p>\n<p>&nbsp;<\/p>\n<p>&nbsp;<br \/>\nEu caminhei buscando um cora\u00e7\u00e3o<br \/>\nDesviando-me de pedras e tentando manter meus olhos abertos em meio \u00e0 poeira<br \/>\nEntretanto, n\u00e3o compreendia que tudo j\u00e1 havia se corrompido<br \/>\nMeus dedos, minha boca, meu corpo<br \/>\nNada mais sem o fardo essencial daquele que eternamente procura<\/p>\n<p>As luzes piscaram, prenunciando a minha morte<br \/>\nE eu rezei para que algu\u00e9m me salvasse nestas noites impuras<br \/>\nMas o que eu apenas pude ver foi a minha pr\u00f3pria imagem<br \/>\nEu em fragmentos, enquanto meus p\u00e9s seguiam tortuosamente\u2026<\/p>\n<p>&nbsp;<\/p>\n<p>&nbsp;<\/p>\n<p>&nbsp;<\/p>\n<p>***<\/p>\n<p>&nbsp;<\/p>\n<p>&nbsp;<\/p>\n<p>&nbsp;<\/p>\n<p>O cabelo, a princ\u00edpio, n\u00e3o revelara nada<br \/>\nFino e negro rio, escondia o marfim e o fruto<br \/>\nEram apenas linhas que rutilavam na fraca luz<br \/>\nSilhuetas das dunas do Maranh\u00e3o, eternas fugidias<br \/>\nN\u00e9voas e s\u00f3dio, o grande mist\u00e9rio de Antic\u00edtera<br \/>\nEram membros, t\u00eanues movimentos, o tronco<br \/>\nA delgada geografia de sua terra revestida de neve<br \/>\nEra somente um sussurro branco sob v\u00e9u de chumbo<br \/>\nO rev\u00e9rbero de um astro distante, l\u00e2nguida paisagem<br \/>\nEram m\u00e3os pequenas, duas conchas \u00e0 espera do mar infinito<\/p>\n<p>&nbsp;<\/p>\n<p>&nbsp;<\/p>\n<p>&nbsp;<br \/>\n***<\/p>\n<p>&nbsp;<\/p>\n<p>&nbsp;<\/p>\n<p>&nbsp;<br \/>\n\u00e9 cedo&#8230; e tudo ainda arde<br \/>\na dor n\u00e3o \u00e9 f\u00edsica, ainda que f\u00edsica<br \/>\na ang\u00fastia, a solid\u00e3o, n\u00e3o s\u00e3o corp\u00f3reas, ainda que corp\u00f3reas<br \/>\no vazio, ainda que vazio, \u00e9 cheio de algo que n\u00e3o tem nome<\/p>\n<p>&nbsp;<\/p>\n<blockquote>\n<p style=\"text-align: justify;\"><a href=\"http:\/\/emcorpoimovel.blogspot.com.br\"><strong><em>Sel <\/em><\/strong><\/a><em>\u00e9 poeta e artista visual. Possui textos publicados nas revistas liter\u00e1rias euOn\u00e7a e Benfazeja. \u00c9 autor dos livros: Autopse (ed. Multifoco &#8211; 2012) e [Sel]vageria (ed. Urutau &#8211; 2016). Ambos de poesia.<\/em><\/p>\n<\/blockquote>\n<p><em>\u00a0<\/em><\/p>\n","protected":false},"excerpt":{"rendered":"<p>A rastro do amor na trilha dos versos de Sel<\/p>\n","protected":false},"author":2,"featured_media":13683,"comment_status":"open","ping_status":"open","sticky":false,"template":"","format":"standard","meta":{"footnotes":""},"categories":[3305,9],"tags":[3337,107,159,3336,440],"class_list":["post-13682","post","type-post","status-publish","format-standard","has-post-thumbnail","hentry","category-118a-leva","category-janelas-poeticas","tag-em-corpo-imovel","tag-janela-poetica","tag-poemas","tag-sel","tag-silencio"],"_links":{"self":[{"href":"https:\/\/diversosafins.com.br\/diversos\/wp-json\/wp\/v2\/posts\/13682","targetHints":{"allow":["GET"]}}],"collection":[{"href":"https:\/\/diversosafins.com.br\/diversos\/wp-json\/wp\/v2\/posts"}],"about":[{"href":"https:\/\/diversosafins.com.br\/diversos\/wp-json\/wp\/v2\/types\/post"}],"author":[{"embeddable":true,"href":"https:\/\/diversosafins.com.br\/diversos\/wp-json\/wp\/v2\/users\/2"}],"replies":[{"embeddable":true,"href":"https:\/\/diversosafins.com.br\/diversos\/wp-json\/wp\/v2\/comments?post=13682"}],"version-history":[{"count":3,"href":"https:\/\/diversosafins.com.br\/diversos\/wp-json\/wp\/v2\/posts\/13682\/revisions"}],"predecessor-version":[{"id":13687,"href":"https:\/\/diversosafins.com.br\/diversos\/wp-json\/wp\/v2\/posts\/13682\/revisions\/13687"}],"wp:featuredmedia":[{"embeddable":true,"href":"https:\/\/diversosafins.com.br\/diversos\/wp-json\/wp\/v2\/media\/13683"}],"wp:attachment":[{"href":"https:\/\/diversosafins.com.br\/diversos\/wp-json\/wp\/v2\/media?parent=13682"}],"wp:term":[{"taxonomy":"category","embeddable":true,"href":"https:\/\/diversosafins.com.br\/diversos\/wp-json\/wp\/v2\/categories?post=13682"},{"taxonomy":"post_tag","embeddable":true,"href":"https:\/\/diversosafins.com.br\/diversos\/wp-json\/wp\/v2\/tags?post=13682"}],"curies":[{"name":"wp","href":"https:\/\/api.w.org\/{rel}","templated":true}]}}