{"id":14973,"date":"2018-07-26T12:27:42","date_gmt":"2018-07-26T15:27:42","guid":{"rendered":"http:\/\/diversosafins.com.br\/diversos\/?p=14973"},"modified":"2018-08-22T17:52:43","modified_gmt":"2018-08-22T20:52:43","slug":"olhares-61","status":"publish","type":"post","link":"https:\/\/diversosafins.com.br\/diversos\/olhares-61\/","title":{"rendered":"Olhares"},"content":{"rendered":"<p style=\"text-align: justify;\"><strong>A intermit\u00eancia dos sil\u00eancios<\/strong><\/p>\n<p style=\"text-align: justify;\"><em>Por Fabr\u00edcio Brand\u00e3o<\/em><\/p>\n<p>&nbsp;<\/p>\n<figure id=\"attachment_15105\" aria-describedby=\"caption-attachment-15105\" style=\"width: 500px\" class=\"wp-caption aligncenter\"><a href=\"https:\/\/diversosafins.com.br\/diversos\/wp-content\/uploads\/2018\/07\/imagem-01.jpg\"><img loading=\"lazy\" decoding=\"async\" class=\"wp-image-15105 size-full\" src=\"https:\/\/diversosafins.com.br\/diversos\/wp-content\/uploads\/2018\/07\/imagem-01.jpg\" alt=\"\" width=\"500\" height=\"333\" srcset=\"https:\/\/diversosafins.com.br\/diversos\/wp-content\/uploads\/2018\/07\/imagem-01.jpg 500w, https:\/\/diversosafins.com.br\/diversos\/wp-content\/uploads\/2018\/07\/imagem-01-300x200.jpg 300w\" sizes=\"auto, (max-width: 500px) 100vw, 500px\" \/><\/a><figcaption id=\"caption-attachment-15105\" class=\"wp-caption-text\">Foto: Mar\u00edaTudela<\/figcaption><\/figure>\n<p>&nbsp;<\/p>\n<p style=\"text-align: justify;\">Um olhar queda mudo diante da paisagem indefinida, enevoada pelas raz\u00f5es do mist\u00e9rio. Quando crian\u00e7as, ensaiamos teimosamente que o horizonte de qualquer lugar n\u00e3o possui um fim. A verdade \u00e9 que os sil\u00eancios sempre foram alguma esp\u00e9cie de companhia, ajudando-nos a trilhar nossas sinas diante da imensid\u00e3o das d\u00favidas. As pausas, contemplativas ou n\u00e3o, revelam-se como sendo motivadoras de um porvir que muitas vezes n\u00e3o est\u00e1 bem claro em n\u00f3s. Ent\u00e3o, cabe indagar por que continuamos sempre a vislumbrar algo por entre a turva\u00e7\u00e3o dos sentidos.<\/p>\n<p style=\"text-align: justify;\">Vez ou outra, algu\u00e9m nos lembra que os ingressos e partidas s\u00e3o atos extremante solit\u00e1rios, t\u00e3o marcados que est\u00e3o por um poderoso e, ao mesmo tempo, denso mergulho pessoal nos abismos aos quais nos atiramos. Deixar-se abandonar por uma ideia ou sensa\u00e7\u00e3o parece trazer em si um movimento de ren\u00fancias aos des\u00edgnios de tantas e t\u00e3o distintas eras vividas. Chegamos at\u00e9 a desconfiar que existir \u00e9 n\u00e3o dar conta do impulso propalado pelas horas, ou seja, \u00e9 recha\u00e7ar a urg\u00eancia que nos cobra respostas a uma infinidade de quest\u00f5es. Diante do turbilh\u00e3o que acelera processos f\u00edsicos e mentais, \u00e9 quase que uma extrema necessidade invocarmos o destino intervalar dos sil\u00eancios.<\/p>\n<p style=\"text-align: justify;\">Mas eis que tudo demanda uma atitude que n\u00e3o representa uma passividade diante das coisas e acontecimentos. Com isso, um artista intenta a via da provoca\u00e7\u00e3o, conferindo poder aos recursos da sugest\u00e3o como forma de mostrar ao mundo que o produto de sua cria\u00e7\u00e3o n\u00e3o veio \u00e0 lume para acomodar sensa\u00e7\u00f5es. O que acabo de falar aqui cabe muito bem na descri\u00e7\u00e3o do of\u00edcio de uma fot\u00f3grafa como <a href=\"http:\/\/www.mariatudela.net\/\"><strong>Mar\u00eda Tudela<\/strong><\/a>, cuja arte repousa na prerrogativa de n\u00e3o determinar caminhos, mas sim propor mergulhos pessoais a todos aqueles que lan\u00e7arem olhares sobre suas cria\u00e7\u00f5es.<\/p>\n<p>&nbsp;<\/p>\n<figure id=\"attachment_15108\" aria-describedby=\"caption-attachment-15108\" style=\"width: 500px\" class=\"wp-caption aligncenter\"><a href=\"https:\/\/diversosafins.com.br\/diversos\/wp-content\/uploads\/2018\/07\/imagem-02.jpg\"><img loading=\"lazy\" decoding=\"async\" class=\"wp-image-15108 size-full\" src=\"https:\/\/diversosafins.com.br\/diversos\/wp-content\/uploads\/2018\/07\/imagem-02.jpg\" alt=\"\" width=\"500\" height=\"333\" srcset=\"https:\/\/diversosafins.com.br\/diversos\/wp-content\/uploads\/2018\/07\/imagem-02.jpg 500w, https:\/\/diversosafins.com.br\/diversos\/wp-content\/uploads\/2018\/07\/imagem-02-300x200.jpg 300w\" sizes=\"auto, (max-width: 500px) 100vw, 500px\" \/><\/a><figcaption id=\"caption-attachment-15108\" class=\"wp-caption-text\">Foto: Mar\u00eda Tudela<\/figcaption><\/figure>\n<p>&nbsp;<\/p>\n<p style=\"text-align: justify;\">Detentora de uma condi\u00e7\u00e3o autodidata, a espanhola Mar\u00eda Tudela diz de sua arte um ato de se deixar levar pelas situa\u00e7\u00f5es que a envolvem, buscando um resultado que reflita percursos pass\u00edveis de serem experimentados pelas pessoas. Como ela mesma confessa, sua arte n\u00e3o procura apresentar respostas. Cada foto encerra uma hist\u00f3ria, eis a morada de sua filosofia. Seus personagens, derivados duma observa\u00e7\u00e3o cotidiana, aparecem revestidos pelo manto do anonimato e, sem explicitar rostos, a fot\u00f3grafa busca atrair nossos olhares para o sentido de totalidade da imagem, sempre preferindo que os detalhes n\u00e3o venham a causar efeitos desnecess\u00e1rios de distra\u00e7\u00e3o.<\/p>\n<p style=\"text-align: justify;\">Em meio a tons que mesclam preto e branco, o humano em Mar\u00eda aparece visitado por paisagens marcadas pela busca. Aqui, os protagonistas dos anseios encontram-se imersos nos mais distintos espa\u00e7os como se, atrav\u00e9s do exerc\u00edcio sereno dos silenciamentos, pudessem dar vaz\u00e3o a suas pr\u00f3prias exist\u00eancias. Noutra via, o olhar da fot\u00f3grafa tamb\u00e9m devota especial aten\u00e7\u00e3o a elementos integrantes da natureza, tais como aves, o mar, \u00e1rvores, a chuva e a neve, todos eles evocando um ambiente de percep\u00e7\u00f5es que agregam mem\u00f3ria, hist\u00f3rias e sentimentos ligados ao lado sublime da vida.<\/p>\n<p style=\"text-align: justify;\">Concebendo suas fotografias como \u201cimperfeitas\u201d, Mar\u00eda Tudela n\u00e3o pretende render-se aos rigores da t\u00e9cnica na busca por uma imagem, como ela mesma diz, impec\u00e1vel. Nesse sentido, a fotografia assume o papel de ser muito mais do que a mera aplica\u00e7\u00e3o de dom\u00ednios de um saber espec\u00edfico e portador de uma est\u00e9tica. Algo transcende tal entendimento, o que nos permite concluir que a possibilidade de fazer da arte um instrumento genu\u00edno de experimenta\u00e7\u00e3o dos instantes \u00e9 um atributo inexor\u00e1vel.<\/p>\n<p>&nbsp;<\/p>\n<figure id=\"attachment_15110\" aria-describedby=\"caption-attachment-15110\" style=\"width: 500px\" class=\"wp-caption aligncenter\"><a href=\"https:\/\/diversosafins.com.br\/diversos\/wp-content\/uploads\/2018\/07\/imagem-03.jpg\"><img loading=\"lazy\" decoding=\"async\" class=\"wp-image-15110 size-full\" src=\"https:\/\/diversosafins.com.br\/diversos\/wp-content\/uploads\/2018\/07\/imagem-03.jpg\" alt=\"\" width=\"500\" height=\"375\" srcset=\"https:\/\/diversosafins.com.br\/diversos\/wp-content\/uploads\/2018\/07\/imagem-03.jpg 500w, https:\/\/diversosafins.com.br\/diversos\/wp-content\/uploads\/2018\/07\/imagem-03-300x225.jpg 300w\" sizes=\"auto, (max-width: 500px) 100vw, 500px\" \/><\/a><figcaption id=\"caption-attachment-15110\" class=\"wp-caption-text\">Foto: Mar\u00eda Tudela<\/figcaption><\/figure>\n<p>&nbsp;<\/p>\n<p style=\"text-align: justify;\"><em>* As fotografias de Mar\u00eda Tudela s\u00e3o parte integrante da galeria e dos textos da 126\u00aa Leva<\/em><\/p>\n<p>&nbsp;<\/p>\n<blockquote>\n<p style=\"text-align: justify;\"><strong><em>Fabr\u00edcio Brand\u00e3o<\/em><\/strong><em> confessa que, definitivamente, n\u00e3o consegue sobreviver sem arte. Por isso, atira-se a livros, discos e filmes com o sabor perene da primeira vez. Por isso, edita a Revista Diversos Afins, \u00e9 baterista amador e, atualmente, mestrando em Letras pela UESC, aliando Literatura e Cultura. \u00a0<\/em><\/p>\n<\/blockquote>\n<p style=\"text-align: justify;\"><em>\u00a0<\/em><\/p>\n","protected":false},"excerpt":{"rendered":"<p>A quietude dos sentidos na arte da fot\u00f3grafa espanhola Mar\u00eda Tudela <\/p>\n","protected":false},"author":2,"featured_media":14974,"comment_status":"open","ping_status":"open","sticky":false,"template":"","format":"standard","meta":{"footnotes":""},"categories":[3532,16],"tags":[177,2020,66,3556,6,1407],"class_list":["post-14973","post","type-post","status-publish","format-standard","has-post-thumbnail","hentry","category-126a-leva","category-destaques","tag-arte","tag-espanha","tag-fotografia","tag-maria-tudela","tag-olhares","tag-silencios"],"_links":{"self":[{"href":"https:\/\/diversosafins.com.br\/diversos\/wp-json\/wp\/v2\/posts\/14973","targetHints":{"allow":["GET"]}}],"collection":[{"href":"https:\/\/diversosafins.com.br\/diversos\/wp-json\/wp\/v2\/posts"}],"about":[{"href":"https:\/\/diversosafins.com.br\/diversos\/wp-json\/wp\/v2\/types\/post"}],"author":[{"embeddable":true,"href":"https:\/\/diversosafins.com.br\/diversos\/wp-json\/wp\/v2\/users\/2"}],"replies":[{"embeddable":true,"href":"https:\/\/diversosafins.com.br\/diversos\/wp-json\/wp\/v2\/comments?post=14973"}],"version-history":[{"count":5,"href":"https:\/\/diversosafins.com.br\/diversos\/wp-json\/wp\/v2\/posts\/14973\/revisions"}],"predecessor-version":[{"id":15111,"href":"https:\/\/diversosafins.com.br\/diversos\/wp-json\/wp\/v2\/posts\/14973\/revisions\/15111"}],"wp:featuredmedia":[{"embeddable":true,"href":"https:\/\/diversosafins.com.br\/diversos\/wp-json\/wp\/v2\/media\/14974"}],"wp:attachment":[{"href":"https:\/\/diversosafins.com.br\/diversos\/wp-json\/wp\/v2\/media?parent=14973"}],"wp:term":[{"taxonomy":"category","embeddable":true,"href":"https:\/\/diversosafins.com.br\/diversos\/wp-json\/wp\/v2\/categories?post=14973"},{"taxonomy":"post_tag","embeddable":true,"href":"https:\/\/diversosafins.com.br\/diversos\/wp-json\/wp\/v2\/tags?post=14973"}],"curies":[{"name":"wp","href":"https:\/\/api.w.org\/{rel}","templated":true}]}}