{"id":1670,"date":"2012-06-04T20:00:51","date_gmt":"2012-06-04T23:00:51","guid":{"rendered":"http:\/\/diversosafins.com.br\/diversos\/?p=1670"},"modified":"2012-07-02T20:12:33","modified_gmt":"2012-07-02T23:12:33","slug":"ciceroneando-3","status":"publish","type":"post","link":"https:\/\/diversosafins.com.br\/diversos\/ciceroneando-3\/","title":{"rendered":"Ciceroneando"},"content":{"rendered":"<figure id=\"attachment_1672\" aria-describedby=\"caption-attachment-1672\" style=\"width: 450px\" class=\"wp-caption aligncenter\"><a href=\"https:\/\/diversosafins.com.br\/diversos\/wp-content\/uploads\/2012\/06\/Moment-menor4.jpg\"><img loading=\"lazy\" decoding=\"async\" class=\"size-full wp-image-1672\" title=\"Moment (4)\" src=\"https:\/\/diversosafins.com.br\/diversos\/wp-content\/uploads\/2012\/06\/Moment-menor4.jpg\" alt=\"\" width=\"450\" height=\"372\" srcset=\"https:\/\/diversosafins.com.br\/diversos\/wp-content\/uploads\/2012\/06\/Moment-menor4.jpg 450w, https:\/\/diversosafins.com.br\/diversos\/wp-content\/uploads\/2012\/06\/Moment-menor4-300x248.jpg 300w\" sizes=\"auto, (max-width: 450px) 100vw, 450px\" \/><\/a><figcaption id=\"caption-attachment-1672\" class=\"wp-caption-text\">Foto: Juh Moraes<\/figcaption><\/figure>\n<p>&nbsp;<\/p>\n<p>&nbsp;<\/p>\n<p style=\"text-align: justify;\"><strong>\u00a0<\/strong><\/p>\n<p style=\"text-align: justify;\"><em>No of\u00edcio de travar o combate pelos terrenos culturais, qui\u00e7\u00e1 o imprevis\u00edvel seja o que de melhor possa acontecer. No caso espec\u00edfico da Diversos Afins, pensamos em tal perspectiva, sobretudo quando temos de fazer convergir signos oriundos de imagens e palavras. Nunca h\u00e1 uma f\u00f3rmula exata para promover a harmonia entre estas duas linguagens. A ciranda das colabora\u00e7\u00f5es gira alheia a crit\u00e9rios herm\u00e9ticos de classifica\u00e7\u00e3o das perspectivas, e o melhor de tudo \u00e9 podermos aproveitar cada autor e artista num processo de \u201ccumplicidade involunt\u00e1ria\u201d. Tentar perceber o que criadores trazem em si enquanto elemento fomentador de di\u00e1logo com outras express\u00f5es \u00e9, certamente, o que mais perseguimos em termos de conjunto. E \u00e9 s\u00f3 depois de entrever os horizontes vislumbrados pela obra de cada colaborador que \u00e9 poss\u00edvel consolidar um desej\u00e1vel caminho de unidade na diversidade. Hoje, a 68\u00aa Leva \u00e9 regida pelos arremates delicados contidos nas fotografias de <strong>Juh Moraes<\/strong>. Atrav\u00e9s delas, um bailar de signos convida os textos para a composi\u00e7\u00e3o de um cen\u00e1rio no qual viver \u00e9 mais do que urgente. E assim, tomados por tal \u00e2nimo, vamos descortinando sabores pelos versos de <strong>Fabiana Turci<\/strong>, <strong>Aline Aime\u00e9<\/strong>, <strong>Vitor Nascimento S\u00e1<\/strong>, <strong>Viviane de Santana Paulo<\/strong> <\/em>e <strong><em>Helena Figueiredo<\/em><\/strong>. <em>Numa entrevista, o poeta <strong>Jos\u00e9 In\u00e1cio Vieira de Melo<\/strong> fala sobre seus sens\u00edveis percursos liter\u00e1rios. Os dedos de prosa da vida andam intensos nas linhas de <strong>Daniel Faria <\/strong>e <strong>Regina M. A. Machado<\/strong>. Depois de alguns anos de espera, a banda <strong>OQuadro<\/strong> lan\u00e7a seu primeiro disco, e os efeitos disso giram nas agulhas do nosso Gramofone. Com propriedade, o escritor <strong>Jorge de Souza Ara\u00fajo<\/strong> enreda caminhos em torno do novo livro de <strong>Antonio Nahud J\u00fanior<\/strong>. Noutro ponto, os poemas de \u201cS\u00edsifo desce a montanha\u201d, a mais recente obra de <strong>Affonso Romano de Sant\u2019Anna<\/strong>, s\u00e3o tema das densas observa\u00e7\u00f5es de <strong>W. J. Solha<\/strong>. A percep\u00e7\u00e3o cada vez mais agu\u00e7ada de <strong>Larissa Mendes <\/strong>nos conduz at\u00e9 a produ\u00e7\u00e3o cinematogr\u00e1fica \u201cO Futuro\u201d. O ator e diretor <strong>Rafael Morais<\/strong> relata os desafios envolvidos na montagem de um espet\u00e1culo teatral, enaltecendo a arte do encontro com o p\u00fablico. Munidos pelos imperativos da diversidade, abrimos as veredas de uma nova edi\u00e7\u00e3o. Seja bem-vindo, caro leitor! <\/em><\/p>\n<p style=\"text-align: justify;\">\n","protected":false},"excerpt":{"rendered":"<p>Editorial da 68\u00aa Leva<\/p>\n","protected":false},"author":2,"featured_media":1671,"comment_status":"open","ping_status":"open","sticky":false,"template":"","format":"standard","meta":{"footnotes":""},"categories":[290,7],"tags":[377,291,296,310,406,316,404,386,295,405,114,358,93,392,354,400,247],"class_list":["post-1670","post","type-post","status-publish","format-standard","has-post-thumbnail","hentry","category-68a-leva","category-ciceroneando","tag-affonso-romano-de-santanna","tag-aline-aimee","tag-antonio-nahud-junior","tag-daniel-faria","tag-editorial-da-68a-leva","tag-fabiana-turci","tag-fotografias-de-juh-moraes","tag-helena-figueiredo","tag-jorge-de-souza-araujo","tag-jose-inacio-vieira-de-melo","tag-larissa-mendes","tag-oquadro","tag-rafael-morais","tag-regina-m-a-machado","tag-vitor-nascimento-sa","tag-viviane-de-santana-paulo","tag-w-j-solha"],"_links":{"self":[{"href":"https:\/\/diversosafins.com.br\/diversos\/wp-json\/wp\/v2\/posts\/1670","targetHints":{"allow":["GET"]}}],"collection":[{"href":"https:\/\/diversosafins.com.br\/diversos\/wp-json\/wp\/v2\/posts"}],"about":[{"href":"https:\/\/diversosafins.com.br\/diversos\/wp-json\/wp\/v2\/types\/post"}],"author":[{"embeddable":true,"href":"https:\/\/diversosafins.com.br\/diversos\/wp-json\/wp\/v2\/users\/2"}],"replies":[{"embeddable":true,"href":"https:\/\/diversosafins.com.br\/diversos\/wp-json\/wp\/v2\/comments?post=1670"}],"version-history":[{"count":7,"href":"https:\/\/diversosafins.com.br\/diversos\/wp-json\/wp\/v2\/posts\/1670\/revisions"}],"predecessor-version":[{"id":2073,"href":"https:\/\/diversosafins.com.br\/diversos\/wp-json\/wp\/v2\/posts\/1670\/revisions\/2073"}],"wp:featuredmedia":[{"embeddable":true,"href":"https:\/\/diversosafins.com.br\/diversos\/wp-json\/wp\/v2\/media\/1671"}],"wp:attachment":[{"href":"https:\/\/diversosafins.com.br\/diversos\/wp-json\/wp\/v2\/media?parent=1670"}],"wp:term":[{"taxonomy":"category","embeddable":true,"href":"https:\/\/diversosafins.com.br\/diversos\/wp-json\/wp\/v2\/categories?post=1670"},{"taxonomy":"post_tag","embeddable":true,"href":"https:\/\/diversosafins.com.br\/diversos\/wp-json\/wp\/v2\/tags?post=1670"}],"curies":[{"name":"wp","href":"https:\/\/api.w.org\/{rel}","templated":true}]}}