{"id":19872,"date":"2022-12-19T11:47:40","date_gmt":"2022-12-19T14:47:40","guid":{"rendered":"http:\/\/diversosafins.com.br\/diversos\/?p=19872"},"modified":"2022-12-26T15:18:36","modified_gmt":"2022-12-26T18:18:36","slug":"olhares-85","status":"publish","type":"post","link":"https:\/\/diversosafins.com.br\/diversos\/olhares-85\/","title":{"rendered":"Olhares"},"content":{"rendered":"<p style=\"text-align: justify;\"><strong>A po\u00e9tica do despercebido <\/strong><\/p>\n<p style=\"text-align: justify;\"><strong>\u00a0<\/strong><em>Por Fabr\u00edcio Brand\u00e3o<\/em><\/p>\n<p style=\"text-align: justify;\"><em>\u00a0<\/em><\/p>\n<figure id=\"attachment_19974\" aria-describedby=\"caption-attachment-19974\" style=\"width: 500px\" class=\"wp-caption aligncenter\"><a href=\"https:\/\/diversosafins.com.br\/diversos\/wp-content\/uploads\/2022\/12\/interna-6.jpg\"><img loading=\"lazy\" decoding=\"async\" class=\"wp-image-19974 size-full\" src=\"https:\/\/diversosafins.com.br\/diversos\/wp-content\/uploads\/2022\/12\/interna-6.jpg\" alt=\"\" width=\"500\" height=\"281\" srcset=\"https:\/\/diversosafins.com.br\/diversos\/wp-content\/uploads\/2022\/12\/interna-6.jpg 500w, https:\/\/diversosafins.com.br\/diversos\/wp-content\/uploads\/2022\/12\/interna-6-300x169.jpg 300w\" sizes=\"auto, (max-width: 500px) 100vw, 500px\" \/><\/a><figcaption id=\"caption-attachment-19974\" class=\"wp-caption-text\">Foto: Yuri Bittar<\/figcaption><\/figure>\n<p>&nbsp;<\/p>\n<p style=\"text-align: justify;\">Estar presente \u00e9 uma condi\u00e7\u00e3o que permanece emblem\u00e1tica para todos n\u00f3s. Tal percep\u00e7\u00e3o vem da ideia de que o momento mais importante da vida seria o agora, esse instante sobre o qual estamos de fato materializando as viv\u00eancias. E estar atento a isso parece redimensionar toda uma carga de coisas marcada pela dispers\u00e3o contempor\u00e2nea de nossos tempos. Quando estamos conectados ao presente, passamos a prestar aten\u00e7\u00e3o em muitos fen\u00f4menos que acontecem ao nosso redor, escutamos pessoas e tendemos, inclusive, a assimilar aquilo que se abriga no campo do despercebido.<\/p>\n<p style=\"text-align: justify;\">Sem d\u00favida alguma, a fotografia \u00e9 um dos ramos da arte que conseguem nos apresentar tra\u00e7os valiosos sobre aquilo que se esconde por tr\u00e1s da rotina dos dias. E captar o impercept\u00edvel \u00e9 um dos desafios da atualidade. Ao percorrermos registros de algu\u00e9m como o fot\u00f3grafo <strong>Yuri Bittar<\/strong>, sentimos que a concep\u00e7\u00e3o da imagem p\u00f5e em evid\u00eancia a apreens\u00e3o dos detalhes da vida. Como quem congela o instante, Yuri revela uma habilidade em nos apresentar a poesia que se esconde nos rec\u00f4nditos do cotidiano.<\/p>\n<p style=\"text-align: justify;\">Conceber a imagem de tal forma \u00e9 tamb\u00e9m defender uma atitude meditativa diante de todas os seres, lugares e objetos retratados. Adepto da Fotografia Contemplativa, Yuri se mostra um artista cuidadoso em n\u00e3o lan\u00e7ar filtros sobre tudo o que capta, posto que a sua presen\u00e7a diante daquilo que pretende registrar \u00e9 aquela que silencia para que o mundo siga seu fluxo natural. Ao mesmo tempo, essa forma de trabalhar a imagem s\u00f3 \u00e9 poss\u00edvel de se concretizar quando o fot\u00f3grafo est\u00e1 completamente entregue ao presente.<\/p>\n<p style=\"text-align: justify;\">Podemos nos surpreender se acharmos que nosso dia a dia \u00e9 confundido com um turbilh\u00e3o de coisas repetidas. E \u00e9 justamente a arte de gente como Yuri Bittar que nos mostra o quanto estamos enganados se supormos que nada merece ser tido como especial em nosso olhar. Subvertendo a velha no\u00e7\u00e3o de que n\u00e3o h\u00e1 nada de novo sob o sol, o fot\u00f3grafo nos mostra que, por entre os territ\u00f3rios apressados nos quais habitamos, h\u00e1 uma outra dimens\u00e3o da exist\u00eancia pedindo passagem. \u00c9 aquela por\u00e7\u00e3o atrav\u00e9s da qual a poesia se revela em face da manifesta\u00e7\u00e3o dos gestos marcados pela simplicidade, enaltecendo pausas, rastros e sintomas de nossas humanidades.<\/p>\n<p>&nbsp;<\/p>\n<figure id=\"attachment_19975\" aria-describedby=\"caption-attachment-19975\" style=\"width: 400px\" class=\"wp-caption aligncenter\"><a href=\"https:\/\/diversosafins.com.br\/diversos\/wp-content\/uploads\/2022\/12\/IMAGEM-2.jpg\"><img loading=\"lazy\" decoding=\"async\" class=\"wp-image-19975 size-full\" src=\"https:\/\/diversosafins.com.br\/diversos\/wp-content\/uploads\/2022\/12\/IMAGEM-2.jpg\" alt=\"\" width=\"400\" height=\"500\" srcset=\"https:\/\/diversosafins.com.br\/diversos\/wp-content\/uploads\/2022\/12\/IMAGEM-2.jpg 400w, https:\/\/diversosafins.com.br\/diversos\/wp-content\/uploads\/2022\/12\/IMAGEM-2-240x300.jpg 240w\" sizes=\"auto, (max-width: 400px) 100vw, 400px\" \/><\/a><figcaption id=\"caption-attachment-19975\" class=\"wp-caption-text\">Foto: Yuri Bittar<\/figcaption><\/figure>\n<p>&nbsp;<\/p>\n<p style=\"text-align: justify;\">Em Yuri Bittar, a paisagem urbana \u00e9 tomada pela ressignifica\u00e7\u00e3o dos espa\u00e7os e movimentos humanos. Assim, at\u00e9 mesmo lugares de aus\u00eancia denotam vest\u00edgios deixados pelas diferentes pessoas que circulam no ambiente fren\u00e9tico das cidades. \u00c9 como se em cada rastro configurado o dinamismo da vida nunca fosse capaz de apagar a presen\u00e7a registrada nalgum momento espec\u00edfico. Tudo isso a servi\u00e7o de uma po\u00e9tica que sabe a sil\u00eancios, intervalos e encantamentos.<\/p>\n<p style=\"text-align: justify;\">Qui\u00e7\u00e1 o ato espantado de existir, com sua carga de revela\u00e7\u00f5es e assimila\u00e7\u00f5es do real, seja atenuado pela necessidade de deslocarmos nossa aten\u00e7\u00e3o para muito do que teimosamente insistimos em ocultar. E eis que as fotografias de Yuri, com sua for\u00e7a contemplativa, nos atraem para aquela viv\u00eancia do presente a qual me referi no in\u00edcio deste texto. Agindo assim, talvez por alguns instantes recusemos os imperativos da pressa que tanto afetam nossa capacidade de saborear a vida com mais inteireza.<\/p>\n<p style=\"text-align: justify;\">Atuando como fot\u00f3grafo desde 1998, Yuri Bittar tamb\u00e9m est\u00e1 atravessado por influ\u00eancias que v\u00eam da literatura e da hist\u00f3ria oral, dentre outras. Como ele mesmo confessa, seu trabalho se move pela cren\u00e7a no humano, principalmente levando em conta solu\u00e7\u00f5es para a melhoria da qualidade de vida das pessoas.<\/p>\n<p style=\"text-align: justify;\">Mas eis que \u00e9 a vida ordin\u00e1ria quem protagoniza a arte de Yuri. Seu interesse reside nos tr\u00e2nsitos engendrados por pessoas comuns, pois s\u00e3o estas que fazem girar tacitamente a grande roda dos acontecimentos. Atrav\u00e9s de suas lentes, seres e objetos representam organicamente um sentido de unidade para a exist\u00eancia, algo que sugere uma complementaridade entre partes at\u00e9 mesmo distintas. Pelo que se pode notar, \u00e9 um todo harm\u00f4nico que, sem negar as individualidades e especificidades, pede passagem para um exerc\u00edcio mais pleno e valoroso da vida.<\/p>\n<p>&nbsp;<\/p>\n<figure id=\"attachment_19976\" aria-describedby=\"caption-attachment-19976\" style=\"width: 400px\" class=\"wp-caption aligncenter\"><a href=\"https:\/\/diversosafins.com.br\/diversos\/wp-content\/uploads\/2022\/12\/IMAGEM-3.jpg\"><img loading=\"lazy\" decoding=\"async\" class=\"wp-image-19976 size-full\" src=\"https:\/\/diversosafins.com.br\/diversos\/wp-content\/uploads\/2022\/12\/IMAGEM-3.jpg\" alt=\"\" width=\"400\" height=\"500\" srcset=\"https:\/\/diversosafins.com.br\/diversos\/wp-content\/uploads\/2022\/12\/IMAGEM-3.jpg 400w, https:\/\/diversosafins.com.br\/diversos\/wp-content\/uploads\/2022\/12\/IMAGEM-3-240x300.jpg 240w\" sizes=\"auto, (max-width: 400px) 100vw, 400px\" \/><\/a><figcaption id=\"caption-attachment-19976\" class=\"wp-caption-text\">Foto: Yuri Bittar<\/figcaption><\/figure>\n<p>&nbsp;<\/p>\n<p><em>* As fotografias de Yuri Bittar s\u00e3o parte integrante da galeria e dos textos da 150\u00aa Leva<\/em><\/p>\n<p>&nbsp;<\/p>\n<blockquote>\n<p style=\"text-align: justify;\"><strong><em>Fabr\u00edcio Brand\u00e3o<\/em><\/strong> <em>\u00e9 frequentador do mundo da Lua, sonhador e aprendiz de gente. Se disfar\u00e7a no planeta como editor da Diversos Afins, poeta, baterista amador, mestre e, atualmente, doutorando em Letras, pesquisando eus que trafegam autobiograficamente pelo mundo virtual. Hoje, entre acertos e tombos, parece estar perdendo o medo de errar.<\/em><\/p>\n<\/blockquote>\n<p>&nbsp;<\/p>\n","protected":false},"excerpt":{"rendered":"<p>Os caminhos da contempla\u00e7\u00e3o nas fotografias de Yuri Bittar <\/p>\n","protected":false},"author":2,"featured_media":19873,"comment_status":"open","ping_status":"open","sticky":false,"template":"","format":"standard","meta":{"footnotes":""},"categories":[4186,16,2538],"tags":[4212,137,66,4211,288,6,1110,4210],"class_list":["post-19872","post","type-post","status-publish","format-standard","has-post-thumbnail","hentry","category-150a-leva","category-destaques","category-olhares","tag-despercebido","tag-fabricio-brandao","tag-fotografia","tag-fotografia-contemplativa","tag-imagem","tag-olhares","tag-poetica","tag-yuri-bittar"],"_links":{"self":[{"href":"https:\/\/diversosafins.com.br\/diversos\/wp-json\/wp\/v2\/posts\/19872","targetHints":{"allow":["GET"]}}],"collection":[{"href":"https:\/\/diversosafins.com.br\/diversos\/wp-json\/wp\/v2\/posts"}],"about":[{"href":"https:\/\/diversosafins.com.br\/diversos\/wp-json\/wp\/v2\/types\/post"}],"author":[{"embeddable":true,"href":"https:\/\/diversosafins.com.br\/diversos\/wp-json\/wp\/v2\/users\/2"}],"replies":[{"embeddable":true,"href":"https:\/\/diversosafins.com.br\/diversos\/wp-json\/wp\/v2\/comments?post=19872"}],"version-history":[{"count":5,"href":"https:\/\/diversosafins.com.br\/diversos\/wp-json\/wp\/v2\/posts\/19872\/revisions"}],"predecessor-version":[{"id":19995,"href":"https:\/\/diversosafins.com.br\/diversos\/wp-json\/wp\/v2\/posts\/19872\/revisions\/19995"}],"wp:featuredmedia":[{"embeddable":true,"href":"https:\/\/diversosafins.com.br\/diversos\/wp-json\/wp\/v2\/media\/19873"}],"wp:attachment":[{"href":"https:\/\/diversosafins.com.br\/diversos\/wp-json\/wp\/v2\/media?parent=19872"}],"wp:term":[{"taxonomy":"category","embeddable":true,"href":"https:\/\/diversosafins.com.br\/diversos\/wp-json\/wp\/v2\/categories?post=19872"},{"taxonomy":"post_tag","embeddable":true,"href":"https:\/\/diversosafins.com.br\/diversos\/wp-json\/wp\/v2\/tags?post=19872"}],"curies":[{"name":"wp","href":"https:\/\/api.w.org\/{rel}","templated":true}]}}